{"id":12878,"date":"2026-03-06T09:45:55","date_gmt":"2026-03-06T08:45:55","guid":{"rendered":"https:\/\/www.swisssem.ch\/journees-culturales-2026-feldtage\/"},"modified":"2026-03-06T09:49:58","modified_gmt":"2026-03-06T08:49:58","slug":"journees-culturales-2026-feldtage","status":"publish","type":"post","link":"https:\/\/www.swisssem.ch\/fr\/journees-culturales-2026-feldtage\/","title":{"rendered":"Feldtage 2026"},"content":{"rendered":"\n<h2 class=\"wp-block-heading\">Journ\u00e9es culturales (Feldtage) 10 \u2013 12  juin 2026 | Kirchberg (BE)<\/h2>\n\n<p>Les <strong>Feldtage\u00a0<\/strong>2026 sont le plus grand \u00e9v\u00e9nement suisse consacr\u00e9 aux grandes cultures \u2013 un lieu de rencontre pour les agriculteurs, les sp\u00e9cialistes, les chercheurs et toutes les personnes int\u00e9ress\u00e9es par l\u2019avenir de l\u2019agriculture. Pendant trois jours, Kirchberg sera plac\u00e9 sous le signe de l\u2019innovation, de la pratique et de l\u2019\u00e9change de connaissances.<\/p>\n\n<figure class=\"wp-block-image size-full\"><a href=\"https:\/\/www.swisssem.ch\/wp-content\/uploads\/2025\/12\/Feldtage_2026_FR.mp4\"><img loading=\"lazy\" decoding=\"async\" width=\"682\" height=\"318\" src=\"https:\/\/www.swisssem.ch\/wp-content\/uploads\/2025\/12\/Logo-Feldtage2026_DE.jpg\" alt=\"\" class=\"wp-image-12519\" srcset=\"https:\/\/www.swisssem.ch\/wp-content\/uploads\/2025\/12\/Logo-Feldtage2026_DE.jpg 682w, https:\/\/www.swisssem.ch\/wp-content\/uploads\/2025\/12\/Logo-Feldtage2026_DE-300x140.jpg 300w\" sizes=\"auto, (max-width: 682px) 100vw, 682px\" \/><\/a><\/figure>\n\n<p>Cliquer sur le logo pour visionner la vid\u00e9o de lancement<\/p>\n\n<p><a href=\"https:\/\/www.feldtage.ch\/fr\/\">Lien vers le site<\/a><\/p>\n\n<p><\/p>\n","protected":false},"excerpt":{"rendered":"<p>Journ\u00e9es culturales (Feldtage) 10 \u2013 12 juin 2026 | Kirchberg (BE) Les Feldtage\u00a02026 sont le plus grand \u00e9v\u00e9nement suisse consacr\u00e9 aux grandes cultures \u2013 un lieu de rencontre pour les agriculteurs, les sp\u00e9cialistes, les chercheurs et toutes les personnes int\u00e9ress\u00e9es par l\u2019avenir de l\u2019agriculture. Pendant trois jours, Kirchberg sera plac\u00e9 sous le signe de l\u2019innovation, [&hellip;]<\/p>\n","protected":false},"author":6,"featured_media":0,"comment_status":"closed","ping_status":"closed","sticky":false,"template":"","format":"standard","meta":{"_acf_changed":false,"footnotes":""},"categories":[63],"tags":[],"class_list":["post-12878","post","type-post","status-publish","format-standard","hentry","category-unkategorisiert-fr"],"acf":[],"yoast_head":"<!-- This site is optimized with the Yoast SEO plugin v27.1.1 - https:\/\/yoast.com\/product\/yoast-seo-wordpress\/ -->\n<title>Feldtage 2026 - swisssem semence suisse<\/title>\n<meta name=\"robots\" content=\"index, follow, max-snippet:-1, max-image-preview:large, max-video-preview:-1\" \/>\n<link rel=\"canonical\" href=\"https:\/\/www.swisssem.ch\/fr\/journees-culturales-2026-feldtage\/\" \/>\n<meta property=\"og:locale\" content=\"fr_FR\" \/>\n<meta property=\"og:type\" content=\"article\" \/>\n<meta property=\"og:title\" content=\"Feldtage 2026 - swisssem semence suisse\" \/>\n<meta property=\"og:description\" content=\"Journ\u00e9es culturales (Feldtage) 10 \u2013 12 juin 2026 | Kirchberg (BE) Les Feldtage\u00a02026 sont le plus grand \u00e9v\u00e9nement suisse consacr\u00e9 aux grandes cultures \u2013 un lieu de rencontre pour les agriculteurs, les sp\u00e9cialistes, les chercheurs et toutes les personnes int\u00e9ress\u00e9es par l\u2019avenir de l\u2019agriculture. Pendant trois jours, Kirchberg sera plac\u00e9 sous le signe de l\u2019innovation, [&hellip;]\" \/>\n<meta property=\"og:url\" content=\"https:\/\/www.swisssem.ch\/fr\/journees-culturales-2026-feldtage\/\" \/>\n<meta property=\"og:site_name\" content=\"swisssem semence suisse\" \/>\n<meta property=\"article:published_time\" content=\"2026-03-06T08:45:55+00:00\" \/>\n<meta property=\"article:modified_time\" content=\"2026-03-06T08:49:58+00:00\" \/>\n<meta property=\"og:image\" content=\"https:\/\/www.swisssem.ch\/wp-content\/uploads\/2025\/12\/Logo-Feldtage2026_DE.jpg\" \/>\n<meta name=\"author\" content=\"Mireille Godel\" \/>\n<meta name=\"twitter:card\" content=\"summary_large_image\" \/>\n<meta name=\"twitter:label1\" content=\"\u00c9crit par\" \/>\n\t<meta name=\"twitter:data1\" content=\"Mireille Godel\" \/>\n<script type=\"application\/ld+json\" class=\"yoast-schema-graph\">{\"@context\":\"https:\/\/schema.org\",\"@graph\":[{\"@type\":\"Article\",\"@id\":\"https:\/\/www.swisssem.ch\/fr\/journees-culturales-2026-feldtage\/#article\",\"isPartOf\":{\"@id\":\"https:\/\/www.swisssem.ch\/fr\/journees-culturales-2026-feldtage\/\"},\"author\":{\"name\":\"Mireille Godel\",\"@id\":\"https:\/\/www.swisssem.ch\/de\/#\/schema\/person\/f3debc0284e15829e5e7480dde674be6\"},\"headline\":\"Feldtage 2026\",\"datePublished\":\"2026-03-06T08:45:55+00:00\",\"dateModified\":\"2026-03-06T08:49:58+00:00\",\"mainEntityOfPage\":{\"@id\":\"https:\/\/www.swisssem.ch\/fr\/journees-culturales-2026-feldtage\/\"},\"wordCount\":82,\"publisher\":{\"@id\":\"https:\/\/www.swisssem.ch\/de\/#organization\"},\"image\":{\"@id\":\"https:\/\/www.swisssem.ch\/fr\/journees-culturales-2026-feldtage\/#primaryimage\"},\"thumbnailUrl\":\"https:\/\/www.swisssem.ch\/wp-content\/uploads\/2025\/12\/Logo-Feldtage2026_DE.jpg\",\"articleSection\":[\"Unkategorisiert\"],\"inLanguage\":\"fr-FR\"},{\"@type\":\"WebPage\",\"@id\":\"https:\/\/www.swisssem.ch\/fr\/journees-culturales-2026-feldtage\/\",\"url\":\"https:\/\/www.swisssem.ch\/fr\/journees-culturales-2026-feldtage\/\",\"name\":\"Feldtage 2026 - swisssem semence suisse\",\"isPartOf\":{\"@id\":\"https:\/\/www.swisssem.ch\/de\/#website\"},\"primaryImageOfPage\":{\"@id\":\"https:\/\/www.swisssem.ch\/fr\/journees-culturales-2026-feldtage\/#primaryimage\"},\"image\":{\"@id\":\"https:\/\/www.swisssem.ch\/fr\/journees-culturales-2026-feldtage\/#primaryimage\"},\"thumbnailUrl\":\"https:\/\/www.swisssem.ch\/wp-content\/uploads\/2025\/12\/Logo-Feldtage2026_DE.jpg\",\"datePublished\":\"2026-03-06T08:45:55+00:00\",\"dateModified\":\"2026-03-06T08:49:58+00:00\",\"breadcrumb\":{\"@id\":\"https:\/\/www.swisssem.ch\/fr\/journees-culturales-2026-feldtage\/#breadcrumb\"},\"inLanguage\":\"fr-FR\",\"potentialAction\":[{\"@type\":\"ReadAction\",\"target\":[\"https:\/\/www.swisssem.ch\/fr\/journees-culturales-2026-feldtage\/\"]}]},{\"@type\":\"ImageObject\",\"inLanguage\":\"fr-FR\",\"@id\":\"https:\/\/www.swisssem.ch\/fr\/journees-culturales-2026-feldtage\/#primaryimage\",\"url\":\"https:\/\/www.swisssem.ch\/wp-content\/uploads\/2025\/12\/Logo-Feldtage2026_DE.jpg\",\"contentUrl\":\"https:\/\/www.swisssem.ch\/wp-content\/uploads\/2025\/12\/Logo-Feldtage2026_DE.jpg\"},{\"@type\":\"BreadcrumbList\",\"@id\":\"https:\/\/www.swisssem.ch\/fr\/journees-culturales-2026-feldtage\/#breadcrumb\",\"itemListElement\":[{\"@type\":\"ListItem\",\"position\":1,\"name\":\"Home\",\"item\":\"https:\/\/www.swisssem.ch\/fr\/\"},{\"@type\":\"ListItem\",\"position\":2,\"name\":\"Feldtage 2026\"}]},{\"@type\":\"WebSite\",\"@id\":\"https:\/\/www.swisssem.ch\/de\/#website\",\"url\":\"https:\/\/www.swisssem.ch\/de\/\",\"name\":\"swisssem semence suisse\",\"description\":\"\",\"publisher\":{\"@id\":\"https:\/\/www.swisssem.ch\/de\/#organization\"},\"potentialAction\":[{\"@type\":\"SearchAction\",\"target\":{\"@type\":\"EntryPoint\",\"urlTemplate\":\"https:\/\/www.swisssem.ch\/de\/?s={search_term_string}\"},\"query-input\":{\"@type\":\"PropertyValueSpecification\",\"valueRequired\":true,\"valueName\":\"search_term_string\"}}],\"inLanguage\":\"fr-FR\"},{\"@type\":\"Organization\",\"@id\":\"https:\/\/www.swisssem.ch\/de\/#organization\",\"name\":\"swisssem saatgut schweiz\",\"url\":\"https:\/\/www.swisssem.ch\/de\/\",\"logo\":{\"@type\":\"ImageObject\",\"inLanguage\":\"fr-FR\",\"@id\":\"https:\/\/www.swisssem.ch\/de\/#\/schema\/logo\/image\/\",\"url\":\"https:\/\/www.swisssem.ch\/wp-content\/uploads\/2020\/03\/Logo_swisssem_RGB-1.jpg\",\"contentUrl\":\"https:\/\/www.swisssem.ch\/wp-content\/uploads\/2020\/03\/Logo_swisssem_RGB-1.jpg\",\"width\":1684,\"height\":430,\"caption\":\"swisssem saatgut schweiz\"},\"image\":{\"@id\":\"https:\/\/www.swisssem.ch\/de\/#\/schema\/logo\/image\/\"}},{\"@type\":\"Person\",\"@id\":\"https:\/\/www.swisssem.ch\/de\/#\/schema\/person\/f3debc0284e15829e5e7480dde674be6\",\"name\":\"Mireille Godel\",\"url\":\"https:\/\/www.swisssem.ch\/fr\/author\/mireille-godel\/\"}]}<\/script>\n<!-- \/ Yoast SEO plugin. -->","yoast_head_json":{"title":"Feldtage 2026 - swisssem semence suisse","robots":{"index":"index","follow":"follow","max-snippet":"max-snippet:-1","max-image-preview":"max-image-preview:large","max-video-preview":"max-video-preview:-1"},"canonical":"https:\/\/www.swisssem.ch\/fr\/journees-culturales-2026-feldtage\/","og_locale":"fr_FR","og_type":"article","og_title":"Feldtage 2026 - swisssem semence suisse","og_description":"Journ\u00e9es culturales (Feldtage) 10 \u2013 12 juin 2026 | Kirchberg (BE) Les Feldtage\u00a02026 sont le plus grand \u00e9v\u00e9nement suisse consacr\u00e9 aux grandes cultures \u2013 un lieu de rencontre pour les agriculteurs, les sp\u00e9cialistes, les chercheurs et toutes les personnes int\u00e9ress\u00e9es par l\u2019avenir de l\u2019agriculture. Pendant trois jours, Kirchberg sera plac\u00e9 sous le signe de l\u2019innovation, [&hellip;]","og_url":"https:\/\/www.swisssem.ch\/fr\/journees-culturales-2026-feldtage\/","og_site_name":"swisssem semence suisse","article_published_time":"2026-03-06T08:45:55+00:00","article_modified_time":"2026-03-06T08:49:58+00:00","og_image":[{"url":"https:\/\/www.swisssem.ch\/wp-content\/uploads\/2025\/12\/Logo-Feldtage2026_DE.jpg","type":"","width":"","height":""}],"author":"Mireille Godel","twitter_card":"summary_large_image","twitter_misc":{"\u00c9crit par":"Mireille Godel"},"schema":{"@context":"https:\/\/schema.org","@graph":[{"@type":"Article","@id":"https:\/\/www.swisssem.ch\/fr\/journees-culturales-2026-feldtage\/#article","isPartOf":{"@id":"https:\/\/www.swisssem.ch\/fr\/journees-culturales-2026-feldtage\/"},"author":{"name":"Mireille Godel","@id":"https:\/\/www.swisssem.ch\/de\/#\/schema\/person\/f3debc0284e15829e5e7480dde674be6"},"headline":"Feldtage 2026","datePublished":"2026-03-06T08:45:55+00:00","dateModified":"2026-03-06T08:49:58+00:00","mainEntityOfPage":{"@id":"https:\/\/www.swisssem.ch\/fr\/journees-culturales-2026-feldtage\/"},"wordCount":82,"publisher":{"@id":"https:\/\/www.swisssem.ch\/de\/#organization"},"image":{"@id":"https:\/\/www.swisssem.ch\/fr\/journees-culturales-2026-feldtage\/#primaryimage"},"thumbnailUrl":"https:\/\/www.swisssem.ch\/wp-content\/uploads\/2025\/12\/Logo-Feldtage2026_DE.jpg","articleSection":["Unkategorisiert"],"inLanguage":"fr-FR"},{"@type":"WebPage","@id":"https:\/\/www.swisssem.ch\/fr\/journees-culturales-2026-feldtage\/","url":"https:\/\/www.swisssem.ch\/fr\/journees-culturales-2026-feldtage\/","name":"Feldtage 2026 - swisssem semence suisse","isPartOf":{"@id":"https:\/\/www.swisssem.ch\/de\/#website"},"primaryImageOfPage":{"@id":"https:\/\/www.swisssem.ch\/fr\/journees-culturales-2026-feldtage\/#primaryimage"},"image":{"@id":"https:\/\/www.swisssem.ch\/fr\/journees-culturales-2026-feldtage\/#primaryimage"},"thumbnailUrl":"https:\/\/www.swisssem.ch\/wp-content\/uploads\/2025\/12\/Logo-Feldtage2026_DE.jpg","datePublished":"2026-03-06T08:45:55+00:00","dateModified":"2026-03-06T08:49:58+00:00","breadcrumb":{"@id":"https:\/\/www.swisssem.ch\/fr\/journees-culturales-2026-feldtage\/#breadcrumb"},"inLanguage":"fr-FR","potentialAction":[{"@type":"ReadAction","target":["https:\/\/www.swisssem.ch\/fr\/journees-culturales-2026-feldtage\/"]}]},{"@type":"ImageObject","inLanguage":"fr-FR","@id":"https:\/\/www.swisssem.ch\/fr\/journees-culturales-2026-feldtage\/#primaryimage","url":"https:\/\/www.swisssem.ch\/wp-content\/uploads\/2025\/12\/Logo-Feldtage2026_DE.jpg","contentUrl":"https:\/\/www.swisssem.ch\/wp-content\/uploads\/2025\/12\/Logo-Feldtage2026_DE.jpg"},{"@type":"BreadcrumbList","@id":"https:\/\/www.swisssem.ch\/fr\/journees-culturales-2026-feldtage\/#breadcrumb","itemListElement":[{"@type":"ListItem","position":1,"name":"Home","item":"https:\/\/www.swisssem.ch\/fr\/"},{"@type":"ListItem","position":2,"name":"Feldtage 2026"}]},{"@type":"WebSite","@id":"https:\/\/www.swisssem.ch\/de\/#website","url":"https:\/\/www.swisssem.ch\/de\/","name":"swisssem semence suisse","description":"","publisher":{"@id":"https:\/\/www.swisssem.ch\/de\/#organization"},"potentialAction":[{"@type":"SearchAction","target":{"@type":"EntryPoint","urlTemplate":"https:\/\/www.swisssem.ch\/de\/?s={search_term_string}"},"query-input":{"@type":"PropertyValueSpecification","valueRequired":true,"valueName":"search_term_string"}}],"inLanguage":"fr-FR"},{"@type":"Organization","@id":"https:\/\/www.swisssem.ch\/de\/#organization","name":"swisssem saatgut schweiz","url":"https:\/\/www.swisssem.ch\/de\/","logo":{"@type":"ImageObject","inLanguage":"fr-FR","@id":"https:\/\/www.swisssem.ch\/de\/#\/schema\/logo\/image\/","url":"https:\/\/www.swisssem.ch\/wp-content\/uploads\/2020\/03\/Logo_swisssem_RGB-1.jpg","contentUrl":"https:\/\/www.swisssem.ch\/wp-content\/uploads\/2020\/03\/Logo_swisssem_RGB-1.jpg","width":1684,"height":430,"caption":"swisssem saatgut schweiz"},"image":{"@id":"https:\/\/www.swisssem.ch\/de\/#\/schema\/logo\/image\/"}},{"@type":"Person","@id":"https:\/\/www.swisssem.ch\/de\/#\/schema\/person\/f3debc0284e15829e5e7480dde674be6","name":"Mireille Godel","url":"https:\/\/www.swisssem.ch\/fr\/author\/mireille-godel\/"}]}},"_links":{"self":[{"href":"https:\/\/www.swisssem.ch\/fr\/wp-json\/wp\/v2\/posts\/12878","targetHints":{"allow":["GET"]}}],"collection":[{"href":"https:\/\/www.swisssem.ch\/fr\/wp-json\/wp\/v2\/posts"}],"about":[{"href":"https:\/\/www.swisssem.ch\/fr\/wp-json\/wp\/v2\/types\/post"}],"author":[{"embeddable":true,"href":"https:\/\/www.swisssem.ch\/fr\/wp-json\/wp\/v2\/users\/6"}],"replies":[{"embeddable":true,"href":"https:\/\/www.swisssem.ch\/fr\/wp-json\/wp\/v2\/comments?post=12878"}],"version-history":[{"count":7,"href":"https:\/\/www.swisssem.ch\/fr\/wp-json\/wp\/v2\/posts\/12878\/revisions"}],"predecessor-version":[{"id":12888,"href":"https:\/\/www.swisssem.ch\/fr\/wp-json\/wp\/v2\/posts\/12878\/revisions\/12888"}],"wp:attachment":[{"href":"https:\/\/www.swisssem.ch\/fr\/wp-json\/wp\/v2\/media?parent=12878"}],"wp:term":[{"taxonomy":"category","embeddable":true,"href":"https:\/\/www.swisssem.ch\/fr\/wp-json\/wp\/v2\/categories?post=12878"},{"taxonomy":"post_tag","embeddable":true,"href":"https:\/\/www.swisssem.ch\/fr\/wp-json\/wp\/v2\/tags?post=12878"}],"curies":[{"name":"wp","href":"https:\/\/api.w.org\/{rel}","templated":true}]}}